{"id":541,"date":"2023-02-17T20:31:45","date_gmt":"2023-02-17T22:31:45","guid":{"rendered":"http:\/\/contcop.org.br\/?p=541"},"modified":"2023-02-17T20:32:49","modified_gmt":"2023-02-17T22:32:49","slug":"fenattel-participa-de-encontro-de-mulheres-com-o-governo-federal","status":"publish","type":"post","link":"https:\/\/contcop.org.br\/?p=541","title":{"rendered":"FENATTEL participa de encontro de mulheres com o Governo Federal"},"content":{"rendered":"<p>A FENATTEL participou de reuni\u00f5es com grupos de mulheres trabalhadoras dos movimentos sociais, das centrais sindicais e com o Governo Federal. O Governo foi representado pela Secretaria Executiva do Governo Federal e a Secretaria Executiva do Minist\u00e9rio da Mulher. Os encontros online aconteceram na quinta-feira (16\/02).<\/p>\n<p>Ambos os eventos objetivaram envolver o governo para tratar da pauta das mulheres brasileiras, nos par\u00e2metros dos movimentos sociais, feministas e do movimento sindical, que acompanharam o desgoverno e a falta de pol\u00edticas p\u00fablicas nos \u00faltimos anos, marcados com alto \u00edndice de viol\u00eancia e feminic\u00eddio.<\/p>\n<p>Com as proximidades das manifesta\u00e7\u00f5es do Dia Internacional da Mulher, a ideia \u00e9 promover a\u00e7\u00f5es e discutir as demandas nacionais das mulheres.<\/p>\n<p><strong>Comit\u00ea Popular das Mulheres e Feministas Brasileiras\u00a0<\/strong><\/p>\n<p>Pela manh\u00e3, o Comit\u00ea Popular das Mulheres e Feministas Brasileiras se reuniu para debater as pautas no \u00e2mbito social. O encontro serviu para elaborar a\u00e7\u00f5es que busquem a participa\u00e7\u00e3o de um governo mais efetivo em a\u00e7\u00f5es de promo\u00e7\u00e3o de pol\u00edticas p\u00fablicas, sociais e atua\u00e7\u00e3o diante de altos \u00edndices de viol\u00eancia contra as mulheres.<\/p>\n<p>&nbsp;<\/p>\n<p>Ao final, foi elaborado um documento com alguns pontos estrat\u00e9gicos, considerados fundamentais, com assuntos vivenciados pelas mulheres brasileiras. S\u00e3o eles:<\/p>\n<p>&nbsp;<\/p>\n<ul>\n<li>Combater a fome e a pobreza;<\/li>\n<li>Implementar pol\u00edticas de soberania e seguran\u00e7a alimentar e nutricional;<\/li>\n<li>Reestatizar a Eletrobr\u00e1s;<\/li>\n<li>Defender os direitos sexuais e direitos reprodutivos;<\/li>\n<li>Elaborar uma pol\u00edtica nacional integrada do cuidado;<\/li>\n<li>Universalizar o direito \u00e0 creche e amplia\u00e7\u00e3o das escolas em tempo integral;<\/li>\n<li>Instituir a\u00e7\u00f5es em todos os minist\u00e9rios de enfrentamento a todas as formas de viol\u00eancias contra as mulheres, crian\u00e7as e meninas;<\/li>\n<li>Enfrentar o racismo estrutural e ao encarceramento e genoc\u00eddio da popula\u00e7\u00e3o negra, quilombola e ind\u00edgena;<\/li>\n<li>Incentivar programas e a\u00e7\u00f5es para uma cultura igualit\u00e1ria;<\/li>\n<li>Executar pol\u00edticas e programa para democratiza\u00e7\u00e3o dos meios de comunica\u00e7\u00e3o;<\/li>\n<li>Enfrentar a superexplora\u00e7\u00e3o e precariza\u00e7\u00e3o do trabalho das mulheres;<\/li>\n<li>Apoiar a aprova\u00e7\u00e3o na C\u00e2mara dos Deputados do Projeto de Lei 4216\/21 que institui diretrizes para a produ\u00e7\u00e3o de moradia por autogest\u00e3o.<\/li>\n<\/ul>\n<p><strong>\u00a0<\/strong><\/p>\n<p><strong>F\u00f3rum Nacional de Mulheres Trabalhadoras das centrais sindicais<\/strong><\/p>\n<p>J\u00e1 na parte da tarde, as mulheres sindicalistas se reuniram com representantes do atual governo para tratar de assuntos relacionados \u00e0 classe trabalhadora e refor\u00e7ar a import\u00e2ncia de inserir nas negocia\u00e7\u00f5es coletivas pautas inerentes \u00e0s mulheres trabalhadoras do campo e da cidade e, principalmente, as mais vulner\u00e1veis (pretas, perif\u00e9ricas, LGBTQIAP+).<\/p>\n<p>Na ocasi\u00e3o foi rediscutida a pauta, que j\u00e1 havia sido apresentada pelas mulheres das Centrais Sindicais ao Presidente Lula no encontro \u2018Mulheres com Lula 2022\u2019, e foi definida a\u00e7\u00f5es de curto, m\u00e9dio e longo prazo.<\/p>\n<p>Durante os encontros, foi mencionada a inten\u00e7\u00e3o do Governo Federal de mobilizar as mulheres para promover uma a\u00e7\u00e3o em Bras\u00edlia no pr\u00f3ximo m\u00eas, referendando o Dia Internacional da Mulheres.<\/p>\n","protected":false},"excerpt":{"rendered":"<p>A FENATTEL participou de reuni\u00f5es com grupos de mulheres trabalhadoras dos movimentos sociais, das centrais sindicais e com o Governo Federal. O Governo foi representado pela Secretaria Executiva do Governo Federal e a Secretaria Executiva do Minist\u00e9rio da Mulher. Os encontros online aconteceram na quinta-feira (16\/02). Ambos os eventos objetivaram envolver o governo para tratar&#8230; <\/p>\n<div class=\"clear\"><\/div>\n<p><a href=\"https:\/\/contcop.org.br\/?p=541\" class=\"excerpt-read-more\">Read More<\/a><\/p>\n","protected":false},"author":1,"featured_media":542,"comment_status":"open","ping_status":"open","sticky":false,"template":"","format":"standard","meta":{"footnotes":""},"categories":[4,1,3],"tags":[],"class_list":["post-541","post","type-post","status-publish","format-standard","has-post-thumbnail","hentry","category-destaque","category-sem-categoria","category-todas"],"_links":{"self":[{"href":"https:\/\/contcop.org.br\/index.php?rest_route=\/wp\/v2\/posts\/541","targetHints":{"allow":["GET"]}}],"collection":[{"href":"https:\/\/contcop.org.br\/index.php?rest_route=\/wp\/v2\/posts"}],"about":[{"href":"https:\/\/contcop.org.br\/index.php?rest_route=\/wp\/v2\/types\/post"}],"author":[{"embeddable":true,"href":"https:\/\/contcop.org.br\/index.php?rest_route=\/wp\/v2\/users\/1"}],"replies":[{"embeddable":true,"href":"https:\/\/contcop.org.br\/index.php?rest_route=%2Fwp%2Fv2%2Fcomments&post=541"}],"version-history":[{"count":1,"href":"https:\/\/contcop.org.br\/index.php?rest_route=\/wp\/v2\/posts\/541\/revisions"}],"predecessor-version":[{"id":545,"href":"https:\/\/contcop.org.br\/index.php?rest_route=\/wp\/v2\/posts\/541\/revisions\/545"}],"wp:featuredmedia":[{"embeddable":true,"href":"https:\/\/contcop.org.br\/index.php?rest_route=\/wp\/v2\/media\/542"}],"wp:attachment":[{"href":"https:\/\/contcop.org.br\/index.php?rest_route=%2Fwp%2Fv2%2Fmedia&parent=541"}],"wp:term":[{"taxonomy":"category","embeddable":true,"href":"https:\/\/contcop.org.br\/index.php?rest_route=%2Fwp%2Fv2%2Fcategories&post=541"},{"taxonomy":"post_tag","embeddable":true,"href":"https:\/\/contcop.org.br\/index.php?rest_route=%2Fwp%2Fv2%2Ftags&post=541"}],"curies":[{"name":"wp","href":"https:\/\/api.w.org\/{rel}","templated":true}]}}