{"id":537,"date":"2023-01-19T12:49:47","date_gmt":"2023-01-19T14:49:47","guid":{"rendered":"http:\/\/contcop.org.br\/?p=537"},"modified":"2023-01-19T12:51:03","modified_gmt":"2023-01-19T14:51:03","slug":"sintetel-e-fenattel-participam-da-reuniao-das-centrais-com-o-presidente-lula","status":"publish","type":"post","link":"https:\/\/contcop.org.br\/?p=537","title":{"rendered":"SINTETEL e FENATTEL participam da reuni\u00e3o das centrais com o presidente Lula"},"content":{"rendered":"<div class=\"titulo-noticias\"><\/div>\n<div class=\"desc-noticias margin-top-20\">\n<div class=\"box-slider-noticias hidden-xs\">\n<div class=\"slider-noticias relative\">\n<div class=\" jcarousel-skin-tango\">\n<div class=\"jcarousel-container jcarousel-container-horizontal\">\n<div class=\"jcarousel-next jcarousel-next-horizontal jcarousel-next-disabled jcarousel-next-disabled-horizontal\">Nesta quarta-feira, 18\/01, dirigentes ligados \u00e0s Centrais Sindicais, entre eles o presidente do SINTETEL e da FENATTEL Gilberto Dourado e o secret\u00e1rio Geral do SINTETEL, Mauro Cava de Britto, se reuniram com o presidente Lula, no Pal\u00e1cio do Planalto, Bras\u00edlia. Os Sindicalistas entregaram ao Presidente o documento \u2013 Pauta da Classe Trabalhadora \u2013 aprovado na Conclat, em abril de 2022.<\/div>\n<\/div>\n<\/div>\n<\/div>\n<\/div>\n<div><span style=\"font-family: verdana;\">\u00a0<\/span><\/div>\n<div><span style=\"font-family: verdana;\">No evento, o ministro do Trabalho, Luiz Marinho, anunciou a cria\u00e7\u00e3o de tr\u00eas grupos de trabalho que discutir\u00e3o uma regra fixa para reajuste do sal\u00e1rio m\u00ednimo, mudan\u00e7as na legisla\u00e7\u00e3o trabalhista e novas regras para a negocia\u00e7\u00e3o coletiva entre trabalhadores e empresas.<\/span><\/div>\n<div><span style=\"font-family: verdana;\">\u00a0<\/span><\/div>\n<div><span style=\"font-family: verdana;\">O presidente falou em &#8220;construir uma nova estrutura sindical&#8221;, garantir a trabalhadores direitos e seguridade em uma &#8220;economia diferente&#8221; e prometeu levar adiante os planos de mudan\u00e7a no Imposto de Renda. &#8220;Vamos mudar a l\u00f3gica, diminuir para o pobre e aumentar para o rico&#8221;, afirmou o presidente sobre mudan\u00e7as no Imposto de Renda.<\/span><\/div>\n<div><span style=\"font-family: verdana;\">\u00a0<\/span><\/div>\n<div><span style=\"font-family: verdana;\">Gilberto Dourado e Mauro Cava de Britto avaliam como muito positiva essa reuni\u00e3o que marca a retomada do di\u00e1logo entre o governo e os trabalhadores. \u201cFicamos quatro anos jogados para escanteio sob um governo que demonstrou um total descaso com a classe trabalhadora. Agora os tempos ser\u00e3o outros, ou seja, \u00e9 a volta do di\u00e1logo, da negocia\u00e7\u00e3o e da valoriza\u00e7\u00e3o dos trabalhadores, afirma Gilberto Dourado, presidente do SINTETEL e da FENATTEL.<\/span><\/div>\n<div><\/div>\n<\/div>\n","protected":false},"excerpt":{"rendered":"<p>Nesta quarta-feira, 18\/01, dirigentes ligados \u00e0s Centrais Sindicais, entre eles o presidente do SINTETEL e da FENATTEL Gilberto Dourado e o secret\u00e1rio Geral do SINTETEL, Mauro Cava de Britto, se reuniram com o presidente Lula, no Pal\u00e1cio do Planalto, Bras\u00edlia. Os Sindicalistas entregaram ao Presidente o documento \u2013 Pauta da Classe Trabalhadora \u2013 aprovado na&#8230; <\/p>\n<div class=\"clear\"><\/div>\n<p><a href=\"https:\/\/contcop.org.br\/?p=537\" class=\"excerpt-read-more\">Read More<\/a><\/p>\n","protected":false},"author":1,"featured_media":535,"comment_status":"open","ping_status":"open","sticky":false,"template":"","format":"standard","meta":{"footnotes":""},"categories":[4,1,3],"tags":[],"class_list":["post-537","post","type-post","status-publish","format-standard","has-post-thumbnail","hentry","category-destaque","category-sem-categoria","category-todas"],"_links":{"self":[{"href":"https:\/\/contcop.org.br\/index.php?rest_route=\/wp\/v2\/posts\/537","targetHints":{"allow":["GET"]}}],"collection":[{"href":"https:\/\/contcop.org.br\/index.php?rest_route=\/wp\/v2\/posts"}],"about":[{"href":"https:\/\/contcop.org.br\/index.php?rest_route=\/wp\/v2\/types\/post"}],"author":[{"embeddable":true,"href":"https:\/\/contcop.org.br\/index.php?rest_route=\/wp\/v2\/users\/1"}],"replies":[{"embeddable":true,"href":"https:\/\/contcop.org.br\/index.php?rest_route=%2Fwp%2Fv2%2Fcomments&post=537"}],"version-history":[{"count":2,"href":"https:\/\/contcop.org.br\/index.php?rest_route=\/wp\/v2\/posts\/537\/revisions"}],"predecessor-version":[{"id":540,"href":"https:\/\/contcop.org.br\/index.php?rest_route=\/wp\/v2\/posts\/537\/revisions\/540"}],"wp:featuredmedia":[{"embeddable":true,"href":"https:\/\/contcop.org.br\/index.php?rest_route=\/wp\/v2\/media\/535"}],"wp:attachment":[{"href":"https:\/\/contcop.org.br\/index.php?rest_route=%2Fwp%2Fv2%2Fmedia&parent=537"}],"wp:term":[{"taxonomy":"category","embeddable":true,"href":"https:\/\/contcop.org.br\/index.php?rest_route=%2Fwp%2Fv2%2Fcategories&post=537"},{"taxonomy":"post_tag","embeddable":true,"href":"https:\/\/contcop.org.br\/index.php?rest_route=%2Fwp%2Fv2%2Ftags&post=537"}],"curies":[{"name":"wp","href":"https:\/\/api.w.org\/{rel}","templated":true}]}}