{"id":374,"date":"2018-04-03T18:37:34","date_gmt":"2018-04-03T21:37:34","guid":{"rendered":"http:\/\/contcop.org.br\/?p=374"},"modified":"2019-02-27T18:37:50","modified_gmt":"2019-02-27T21:37:50","slug":"comunicado-do-sincab","status":"publish","type":"post","link":"https:\/\/contcop.org.br\/?p=374","title":{"rendered":"Comunicado do SINCAB"},"content":{"rendered":"<p>\u00c0 Todos(as) empregados (as) da SKY<\/p>\n<p><img loading=\"lazy\" decoding=\"async\" class=\"wp-image-373 alignright\" src=\"https:\/\/contcop.org.br\/wp-content\/uploads\/2019\/02\/sky_artigo-300x200.jpg\" alt=\"sky_artigo\" width=\"452\" height=\"301\" srcset=\"https:\/\/contcop.org.br\/wp-content\/uploads\/2019\/02\/sky_artigo-300x200.jpg 300w, https:\/\/contcop.org.br\/wp-content\/uploads\/2019\/02\/sky_artigo.jpg 600w\" sizes=\"auto, (max-width: 452px) 100vw, 452px\" \/><\/p>\n<p>A diretoria do SINCAB, tomando conhecimento nesta data, que a SKY no Brasil, decidiu liberar os seus empregados na data de hoje, \u00e0s 16 horas, passando a orienta\u00e7\u00e3o de que \u00e9 &#8220;para os que quiserem aderir ao movimento VEM PRA RUA&#8221;, informa a todos os empregados que esta situa\u00e7\u00e3o deixa um ambiente de trabalho intranquilo, onde os empregados se sentem indiretamente constrangidos a participar de ato p\u00fablico de car\u00e1ter pol\u00edtico, haja vista que a empresa est\u00e1 &#8220;pagando&#8221; para os empregados &#8220;irem pra rua&#8221;.<\/p>\n<p>Desta maneira, o SINCAB \u00e9 contra essa orienta\u00e7\u00e3o da SKY, entendendo que fere o c\u00f3digo de conduta da empresa, e que a decis\u00e3o de participar publicamente de manifesta\u00e7\u00e3o pol\u00edtica \u00e9 uma decis\u00e3o pessoal, sem necessidade de interfer\u00eancia ou orienta\u00e7\u00e3o, ainda que indireta do empregador.<\/p>\n<p><strong>CANIND\u00c9 PEGADO<\/strong><br \/>\nPresidente do SINCAB<\/p>\n","protected":false},"excerpt":{"rendered":"<p>\u00c0 Todos(as) empregados (as) da SKY A diretoria do SINCAB, tomando conhecimento nesta data, que a SKY no Brasil, decidiu liberar os seus empregados na data de hoje, \u00e0s 16 horas, passando a orienta\u00e7\u00e3o de que \u00e9 &#8220;para os que quiserem aderir ao movimento VEM PRA RUA&#8221;, informa a todos os empregados que esta situa\u00e7\u00e3o&#8230; <\/p>\n<div class=\"clear\"><\/div>\n<p><a href=\"https:\/\/contcop.org.br\/?p=374\" class=\"excerpt-read-more\">Read More<\/a><\/p>\n","protected":false},"author":1,"featured_media":0,"comment_status":"open","ping_status":"open","sticky":false,"template":"","format":"standard","meta":{"footnotes":""},"categories":[4,3],"tags":[],"class_list":["post-374","post","type-post","status-publish","format-standard","hentry","category-destaque","category-todas"],"_links":{"self":[{"href":"https:\/\/contcop.org.br\/index.php?rest_route=\/wp\/v2\/posts\/374","targetHints":{"allow":["GET"]}}],"collection":[{"href":"https:\/\/contcop.org.br\/index.php?rest_route=\/wp\/v2\/posts"}],"about":[{"href":"https:\/\/contcop.org.br\/index.php?rest_route=\/wp\/v2\/types\/post"}],"author":[{"embeddable":true,"href":"https:\/\/contcop.org.br\/index.php?rest_route=\/wp\/v2\/users\/1"}],"replies":[{"embeddable":true,"href":"https:\/\/contcop.org.br\/index.php?rest_route=%2Fwp%2Fv2%2Fcomments&post=374"}],"version-history":[{"count":1,"href":"https:\/\/contcop.org.br\/index.php?rest_route=\/wp\/v2\/posts\/374\/revisions"}],"predecessor-version":[{"id":375,"href":"https:\/\/contcop.org.br\/index.php?rest_route=\/wp\/v2\/posts\/374\/revisions\/375"}],"wp:attachment":[{"href":"https:\/\/contcop.org.br\/index.php?rest_route=%2Fwp%2Fv2%2Fmedia&parent=374"}],"wp:term":[{"taxonomy":"category","embeddable":true,"href":"https:\/\/contcop.org.br\/index.php?rest_route=%2Fwp%2Fv2%2Fcategories&post=374"},{"taxonomy":"post_tag","embeddable":true,"href":"https:\/\/contcop.org.br\/index.php?rest_route=%2Fwp%2Fv2%2Ftags&post=374"}],"curies":[{"name":"wp","href":"https:\/\/api.w.org\/{rel}","templated":true}]}}