{"id":333,"date":"2017-11-07T19:29:07","date_gmt":"2017-11-07T21:29:07","guid":{"rendered":"http:\/\/contcop.org.br\/?p=333"},"modified":"2019-01-24T19:16:07","modified_gmt":"2019-01-24T21:16:07","slug":"declaracao-destaca-direitos-da-radiodifusao-comercial","status":"publish","type":"post","link":"https:\/\/contcop.org.br\/?p=333","title":{"rendered":"Declara\u00e7\u00e3o destaca direitos da radiodifus\u00e3o comercial"},"content":{"rendered":"<div class=\"itemIntroText\">\n<p>Reunidos em Buenos Aires, na Argentina, representantes da Associa\u00e7\u00e3o Internacional de Radiodifus\u00e3o (AIR) e da Organiza\u00e7\u00e3o Iberoamericana de Telecomunica\u00e7\u00f5es (OIT) assinaram uma declara\u00e7\u00e3o conjunta com a\u00e7\u00f5es em defesa dos direitos da radiodifus\u00e3o comercial.<\/p>\n<\/div>\n<div class=\"itemFullText\">\n<p>No documento, assinado no domingo (3), durante a 46\u00aa Assembleia Geral da AIR , as duas entidades destacam compromissos como o de lutar contra a pirataria de sinais e conte\u00fados; proteger sinais e conte\u00fados da radiodifus\u00e3o nas novas emiss\u00f5es, servi\u00e7os, redes e plataformas digitais; e consagrar a atividade digital dos meios de comunica\u00e7\u00e3o como titulares dos direitos de propriedade intelectual. As entidades querem ainda manter uma agenda de colabora\u00e7\u00e3o junto aos organismos multilaterais internacionais, como no caso do impulso conjunto dado ao Tratado da Radiodifus\u00e3o na Internet, analisado pela Organiza\u00e7\u00e3o Mundial de Propriedade Intelectual (OMPI), ou na defesa da Propriedade Intelectual, pela Organiza\u00e7\u00e3o Mundial do Com\u00e9rcio (OMC).<\/p>\n<p>No encontro, que teve a participa\u00e7\u00e3o do presidente da ABERT, Paulo Tonet Camargo, os empres\u00e1rios de r\u00e1dio e TV e representantes dos principais ve\u00edculos de comunica\u00e7\u00e3o decidiram ainda pedir aos governos dos pa\u00edses a ado\u00e7\u00e3o de medidas legais e administrativas para a habilita\u00e7\u00e3o obrigat\u00f3ria da recep\u00e7\u00e3o do r\u00e1dio FM nos celulares, facilitando o acesso do p\u00fablico \u00e0s informa\u00e7\u00f5es em tempo real, em especial, nos casos de emerg\u00eancia e cat\u00e1strofes clim\u00e1ticas.<\/p>\n<p><strong>Viol\u00eancia contra jornalistas<\/strong><\/p>\n<p>Em uma das resolu\u00e7\u00f5es aprovadas, a AIR repudia toda forma de coa\u00e7\u00e3o, intimida\u00e7\u00e3o ou agress\u00e3o a jornalistas e ve\u00edculos de comunica\u00e7\u00e3o e pede aos governos medidas urgentes para acabar com as condutas criminais, al\u00e9m da rigorosa investiga\u00e7\u00e3o dos casos e puni\u00e7\u00e3o para os respons\u00e1veis.<\/p>\n<p>A Associa\u00e7\u00e3o reiterou ainda a condena\u00e7\u00e3o ao regime de governo venezuelano, que trata os direitos humanos e a liberdade de express\u00e3o com total desprezo.<\/p>\n<p><strong>Not\u00edcias falsas<\/strong><\/p>\n<p>A prolifera\u00e7\u00e3o de not\u00edcias falsas nas redes sociais ou em outras plataformas digitais sem responsabilidade tamb\u00e9m mereceu destaque na reuni\u00e3o da AIR.<\/p>\n<p>Os radiodifusores presentes aprovaram resolu\u00e7\u00e3o que pede aos governos medidas contra as \u201cfake news\u201d.<\/p>\n<p>Para a AIR, os pa\u00edses devem entender que o fortalecimento dos meios de comunica\u00e7\u00e3o profissionais, que \u201ccolocam sua reputa\u00e7\u00e3o, nome e responsabilidade em cada conte\u00fado\u201d, \u00e9 a garantia das sociedades de ter acesso \u00e0 informa\u00e7\u00e3o e \u00e0 democracia.<\/p>\n<\/div>\n<p>&nbsp;<\/p>\n<p>FONTE:\u00a0http:\/\/www.abert.org.br\/web\/index.php\/notmenu\/item\/25977-declaracao-destaca-direitos-da-radiodifusao-comercial<\/p>\n<p>DATA: 07\/11\/2017<\/p>\n","protected":false},"excerpt":{"rendered":"<p>Reunidos em Buenos Aires, na Argentina, representantes da Associa\u00e7\u00e3o Internacional de Radiodifus\u00e3o (AIR) e da Organiza\u00e7\u00e3o Iberoamericana de Telecomunica\u00e7\u00f5es (OIT) assinaram uma declara\u00e7\u00e3o conjunta com a\u00e7\u00f5es em defesa dos direitos da radiodifus\u00e3o comercial. No documento, assinado no domingo (3), durante a 46\u00aa Assembleia Geral da AIR , as duas entidades destacam compromissos como o de&#8230; <\/p>\n<div class=\"clear\"><\/div>\n<p><a href=\"https:\/\/contcop.org.br\/?p=333\" class=\"excerpt-read-more\">Read More<\/a><\/p>\n","protected":false},"author":1,"featured_media":334,"comment_status":"open","ping_status":"open","sticky":false,"template":"","format":"standard","meta":{"footnotes":""},"categories":[4,3],"tags":[],"class_list":["post-333","post","type-post","status-publish","format-standard","has-post-thumbnail","hentry","category-destaque","category-todas"],"_links":{"self":[{"href":"https:\/\/contcop.org.br\/index.php?rest_route=\/wp\/v2\/posts\/333","targetHints":{"allow":["GET"]}}],"collection":[{"href":"https:\/\/contcop.org.br\/index.php?rest_route=\/wp\/v2\/posts"}],"about":[{"href":"https:\/\/contcop.org.br\/index.php?rest_route=\/wp\/v2\/types\/post"}],"author":[{"embeddable":true,"href":"https:\/\/contcop.org.br\/index.php?rest_route=\/wp\/v2\/users\/1"}],"replies":[{"embeddable":true,"href":"https:\/\/contcop.org.br\/index.php?rest_route=%2Fwp%2Fv2%2Fcomments&post=333"}],"version-history":[{"count":1,"href":"https:\/\/contcop.org.br\/index.php?rest_route=\/wp\/v2\/posts\/333\/revisions"}],"predecessor-version":[{"id":335,"href":"https:\/\/contcop.org.br\/index.php?rest_route=\/wp\/v2\/posts\/333\/revisions\/335"}],"wp:featuredmedia":[{"embeddable":true,"href":"https:\/\/contcop.org.br\/index.php?rest_route=\/wp\/v2\/media\/334"}],"wp:attachment":[{"href":"https:\/\/contcop.org.br\/index.php?rest_route=%2Fwp%2Fv2%2Fmedia&parent=333"}],"wp:term":[{"taxonomy":"category","embeddable":true,"href":"https:\/\/contcop.org.br\/index.php?rest_route=%2Fwp%2Fv2%2Fcategories&post=333"},{"taxonomy":"post_tag","embeddable":true,"href":"https:\/\/contcop.org.br\/index.php?rest_route=%2Fwp%2Fv2%2Ftags&post=333"}],"curies":[{"name":"wp","href":"https:\/\/api.w.org\/{rel}","templated":true}]}}