{"id":310,"date":"2017-02-01T15:30:40","date_gmt":"2017-02-01T17:30:40","guid":{"rendered":"http:\/\/contcop.org.br\/?p=310"},"modified":"2019-01-24T19:28:24","modified_gmt":"2019-01-24T21:28:24","slug":"basta-de-desrespeito-e-ma-fe","status":"publish","type":"post","link":"https:\/\/contcop.org.br\/?p=310","title":{"rendered":"Basta de Desrespeito e M\u00e1 F\u00e9"},"content":{"rendered":"<p>Fonte Fenattel:<\/p>\n<p><em>Chegamos \u00e0 Terceira Rodada de Negocia\u00e7\u00e3o, sem novas propostas<\/em><\/p>\n<p><em>Os patr\u00f5es acham que aceitaremos as esmolas que oferecem aos trabalhadores. S\u00f3 que N\u00e3o!<\/em><\/p>\n<p>Na terceira rodada de negocia\u00e7\u00e3o, ocorrida em S\u00e3o Paulo em 01 de fevereiro, o Sindicato Patronal mostrou mais uma vez que n\u00e3o est\u00e1 apto a negociar, ou est\u00e1 querendo pagar para ver.<\/p>\n<p>A Comiss\u00e3o Nacional de Negocia\u00e7\u00e3o do Teleatendimento foi para a reuni\u00e3o no intuito de avan\u00e7ar pela via do di\u00e1logo, mas eles insistem fervorosamente em empurrar apenas as sobras para n\u00f3s, trabalhadores. Uma falta de Respeito.<\/p>\n<p>Na ocasi\u00e3o, os patr\u00f5es tiveram a cara de pau de citar mais uma vez o reajuste do piso para R$ 937,00 somente em junho de 2017. Para os sal\u00e1rios acima do piso voltaram a propor uma parcela \u00fanica de 3,58% tamb\u00e9m em junho de 2017, como se n\u00e3o exisitisse data-base.<\/p>\n<p>Para benef\u00edcios, ZERO de reajuste e NADA de PLR. Apenas n\u00e3o querem pagar. Querem os lucros s\u00f3 para eles acionistas e tomadores de servi\u00e7o. A Comiss\u00e3o da FENATTEL\u00a0 REPUDIOU de imediato a brincadeira de mau gosto colocada pelos patr\u00f5es em uma reuni\u00e3o s\u00e9ria e decisiva.<\/p>\n<p>A Federa\u00e7\u00e3o Nacional e os sindicatos filiados defendem o respeito \u00e0 data &#8211; base de 1\u00ba de janeiro com aumento retroativo a essa data, com ganho real e sem divis\u00e3o da proposta em parcelas ao longo do ano, afinal sal\u00e1rio n\u00e3o \u00e9 carn\u00ea e nem cons\u00f3rcio para pagar em parcelas.<\/p>\n<p>Lutamos pelo aumento real acima do M\u00ednimo Nacional no piso\u00a0e pelo cumprimento de todas cl\u00e1usulas sociais<\/p>\n<p>Trabalhador, a comiss\u00e3o dos sindicatos e da Federa\u00e7\u00e3o continua na luta nas mesas de negocia\u00e7\u00e3o coletiva e conclama a categoria a manifestar seu protesto, vamos iniciar uma firme mobiliza\u00e7\u00e3o com protestos nacionais nas portas e dentro das empresas. N\u00e3o d\u00ea ouvido a boatos e some for\u00e7as com quem est\u00e1 na luta ao seu lado, o seu Sindicato e a FENATTEL.<\/p>\n<p><strong><em>ROTATIVIDADE ABUSIVA EM \u00c9POCA DE DESEMPREGO ALTO<\/em><\/strong><\/p>\n<p>Segundo dados apurados pela subse\u00e7\u00e3o do DIEESE na FENATTEL, do total de demiss\u00f5es do setor, 40% s\u00e3o feitas a pedido do teleoperador. Ou seja, 183.346 trabalhadores preferem sair do emprego, que hoje n\u00e3o acrescenta nada em suas vidas. S\u00e3o condi\u00e7\u00f5es de trabalho muito ruins, com metas abusivas, ass\u00e9dio moral, e remunera\u00e7\u00e3o inferior \u00e0 dos trabalhadores do setor de servi\u00e7os (conforme dados da RAIS), considerando a mesma jornada e escolaridade m\u00e9dia.<\/p>\n<p>A taxa global de rotatividade no setor foi de 95,4% em 2015, esse n\u00famero se deve, em grande parte, a esses pedidos de demiss\u00f5es. J\u00e1 a taxa descontada, feita por iniciativa exclusiva do patr\u00e3o, est\u00e1 48,1%.<\/p>\n<p>Somos contra o ass\u00e9dio, contra a destrui\u00e7\u00e3o da vida social e profissional dos teleoperadores.<\/p>\n<p><strong>O DIA NACIONAL DE LUTA E PROTESTO EM TODO PA\u00cdS est\u00e1 marcado para o dia 08 de fevereiro.<\/strong><\/p>\n<p>OU OS PATR\u00d5ES ACORDAM POR BEM OU VAMOS OCUPAR AS RUAS E PARAR TODO ESSE SETOR.<\/p>\n","protected":false},"excerpt":{"rendered":"<p>Fonte Fenattel: Chegamos \u00e0 Terceira Rodada de Negocia\u00e7\u00e3o, sem novas propostas Os patr\u00f5es acham que aceitaremos as esmolas que oferecem aos trabalhadores. S\u00f3 que N\u00e3o! Na terceira rodada de negocia\u00e7\u00e3o, ocorrida em S\u00e3o Paulo em 01 de fevereiro, o Sindicato Patronal mostrou mais uma vez que n\u00e3o est\u00e1 apto a negociar, ou est\u00e1 querendo pagar&#8230; <\/p>\n<div class=\"clear\"><\/div>\n<p><a href=\"https:\/\/contcop.org.br\/?p=310\" class=\"excerpt-read-more\">Read More<\/a><\/p>\n","protected":false},"author":1,"featured_media":311,"comment_status":"open","ping_status":"open","sticky":false,"template":"","format":"standard","meta":{"footnotes":""},"categories":[4,3],"tags":[],"class_list":["post-310","post","type-post","status-publish","format-standard","has-post-thumbnail","hentry","category-destaque","category-todas"],"_links":{"self":[{"href":"https:\/\/contcop.org.br\/index.php?rest_route=\/wp\/v2\/posts\/310","targetHints":{"allow":["GET"]}}],"collection":[{"href":"https:\/\/contcop.org.br\/index.php?rest_route=\/wp\/v2\/posts"}],"about":[{"href":"https:\/\/contcop.org.br\/index.php?rest_route=\/wp\/v2\/types\/post"}],"author":[{"embeddable":true,"href":"https:\/\/contcop.org.br\/index.php?rest_route=\/wp\/v2\/users\/1"}],"replies":[{"embeddable":true,"href":"https:\/\/contcop.org.br\/index.php?rest_route=%2Fwp%2Fv2%2Fcomments&post=310"}],"version-history":[{"count":2,"href":"https:\/\/contcop.org.br\/index.php?rest_route=\/wp\/v2\/posts\/310\/revisions"}],"predecessor-version":[{"id":313,"href":"https:\/\/contcop.org.br\/index.php?rest_route=\/wp\/v2\/posts\/310\/revisions\/313"}],"wp:featuredmedia":[{"embeddable":true,"href":"https:\/\/contcop.org.br\/index.php?rest_route=\/wp\/v2\/media\/311"}],"wp:attachment":[{"href":"https:\/\/contcop.org.br\/index.php?rest_route=%2Fwp%2Fv2%2Fmedia&parent=310"}],"wp:term":[{"taxonomy":"category","embeddable":true,"href":"https:\/\/contcop.org.br\/index.php?rest_route=%2Fwp%2Fv2%2Fcategories&post=310"},{"taxonomy":"post_tag","embeddable":true,"href":"https:\/\/contcop.org.br\/index.php?rest_route=%2Fwp%2Fv2%2Ftags&post=310"}],"curies":[{"name":"wp","href":"https:\/\/api.w.org\/{rel}","templated":true}]}}