{"id":298,"date":"2016-11-30T10:20:35","date_gmt":"2016-11-30T12:20:35","guid":{"rendered":"http:\/\/contcop.org.br\/?p=298"},"modified":"2016-12-07T10:23:23","modified_gmt":"2016-12-07T12:23:23","slug":"pec-55-e-aprovada-em-primeiro-turno-confira-como-votaram-os-senadores-do-seu-estado","status":"publish","type":"post","link":"https:\/\/contcop.org.br\/?p=298","title":{"rendered":"PEC 55 \u00e9 aprovada em primeiro turno. Confira como votaram os senadores do seu estado"},"content":{"rendered":"<p>A PEC 55, que limita gastos p\u00fablicos por 20 anos, foi aprovada na noite de ontem, 29. Com 61 votos a favor e somente 14 contr\u00e1rios, a Proposta foi aprovada em primeiro turno no Senado e passar\u00e1 por mais tr\u00eas sess\u00f5es de discuss\u00e3o e outra vota\u00e7\u00e3o.<\/p>\n<p>Com total desrespeito ao luto que tomou o pa\u00eds, pela morte dos jogadores da Chapecoense, Temer pressionou o Senado e aproveitou o momento de tristeza nacional para aprovar a PEC da Maldade, que imp\u00f5e a fal\u00eancia da sa\u00fade e da educa\u00e7\u00e3o no Brasil por duas d\u00e9cadas.<\/p>\n<p>A Proposta votada ontem imp\u00f5e uma das mais importantes altera\u00e7\u00f5es no modelo de Estado desenhado pela Constitui\u00e7\u00e3o de 1988, obrigando modifica\u00e7\u00f5es em diversos artigos constitucionais e leis ordin\u00e1rias que regem programas de governo e suas metas. As mudan\u00e7as nas leis nacionais, estaduais e municipais ser\u00e3o obrigat\u00f3rias para enquadrar na nova regra os or\u00e7amentos de todas as inst\u00e2ncias de poder.<\/p>\n<p>N\u00e3o \u00e9 de hoje que Temer mostra essa face ardilosa. No m\u00eas passado, ele promoveu um jantar no Pal\u00e1cio da Alvorada, mesmo alegando d\u00e9ficit nas contas p\u00fablicas, para 400 deputados de sua base para definir estrat\u00e9gias de vota\u00e7\u00e3o da PEC. Se n\u00e3o h\u00e1 dinheiro para equilibrar as contas do pa\u00eds, como h\u00e1 dinheiro para promover jantares luxuosos?<\/p>\n<p>O Governo de Michel Temer quer impor uma conten\u00e7\u00e3o dos gastos p\u00fablicos que prejudicar\u00e1 a popula\u00e7\u00e3o mais pobre. J\u00e1 est\u00e1 faltando rem\u00e9dios na rede p\u00fablica de sa\u00fade, imagina s\u00f3 com essa nova Proposta como ser\u00e3o os pr\u00f3ximos anos. Um filme de terror!<\/p>\n<p>FONTE: www.fenattel.org.br<\/p>\n","protected":false},"excerpt":{"rendered":"<p>A PEC 55, que limita gastos p\u00fablicos por 20 anos, foi aprovada na noite de ontem, 29. Com 61 votos a favor e somente 14 contr\u00e1rios, a Proposta foi aprovada em primeiro turno no Senado e passar\u00e1 por mais tr\u00eas sess\u00f5es de discuss\u00e3o e outra vota\u00e7\u00e3o. Com total desrespeito ao luto que tomou o pa\u00eds,&#8230; <\/p>\n<div class=\"clear\"><\/div>\n<p><a href=\"https:\/\/contcop.org.br\/?p=298\" class=\"excerpt-read-more\">Read More<\/a><\/p>\n","protected":false},"author":1,"featured_media":299,"comment_status":"open","ping_status":"open","sticky":false,"template":"","format":"standard","meta":{"footnotes":""},"categories":[4],"tags":[],"class_list":["post-298","post","type-post","status-publish","format-standard","has-post-thumbnail","hentry","category-destaque"],"_links":{"self":[{"href":"https:\/\/contcop.org.br\/index.php?rest_route=\/wp\/v2\/posts\/298","targetHints":{"allow":["GET"]}}],"collection":[{"href":"https:\/\/contcop.org.br\/index.php?rest_route=\/wp\/v2\/posts"}],"about":[{"href":"https:\/\/contcop.org.br\/index.php?rest_route=\/wp\/v2\/types\/post"}],"author":[{"embeddable":true,"href":"https:\/\/contcop.org.br\/index.php?rest_route=\/wp\/v2\/users\/1"}],"replies":[{"embeddable":true,"href":"https:\/\/contcop.org.br\/index.php?rest_route=%2Fwp%2Fv2%2Fcomments&post=298"}],"version-history":[{"count":1,"href":"https:\/\/contcop.org.br\/index.php?rest_route=\/wp\/v2\/posts\/298\/revisions"}],"predecessor-version":[{"id":300,"href":"https:\/\/contcop.org.br\/index.php?rest_route=\/wp\/v2\/posts\/298\/revisions\/300"}],"wp:featuredmedia":[{"embeddable":true,"href":"https:\/\/contcop.org.br\/index.php?rest_route=\/wp\/v2\/media\/299"}],"wp:attachment":[{"href":"https:\/\/contcop.org.br\/index.php?rest_route=%2Fwp%2Fv2%2Fmedia&parent=298"}],"wp:term":[{"taxonomy":"category","embeddable":true,"href":"https:\/\/contcop.org.br\/index.php?rest_route=%2Fwp%2Fv2%2Fcategories&post=298"},{"taxonomy":"post_tag","embeddable":true,"href":"https:\/\/contcop.org.br\/index.php?rest_route=%2Fwp%2Fv2%2Ftags&post=298"}],"curies":[{"name":"wp","href":"https:\/\/api.w.org\/{rel}","templated":true}]}}