{"id":295,"date":"2016-12-05T10:11:05","date_gmt":"2016-12-05T12:11:05","guid":{"rendered":"http:\/\/contcop.org.br\/?p=295"},"modified":"2016-12-07T10:19:46","modified_gmt":"2016-12-07T12:19:46","slug":"senador-paulo-paim-apresentara-parecer-sobre-o-plc-30-da-terceirizacao-amanha","status":"publish","type":"post","link":"https:\/\/contcop.org.br\/?p=295","title":{"rendered":"Senador Paulo Paim apresentar\u00e1 parecer sobre o PLC 30 da terceiriza\u00e7\u00e3o amanh\u00e3"},"content":{"rendered":"<p>Ap\u00f3s ampla discuss\u00e3o do texto do PLC 30\/15 da terceiriza\u00e7\u00e3o, por meio de audi\u00eancias p\u00fablicas realizadas em diversas capitais do pa\u00eds, o senador Paulo Paim (PT-RS) trabalhou em um <a href=\"https:\/\/www.youtube.com\/watch?v=LPlde6J5qMs\" target=\"_blank\">relat\u00f3rio<\/a> e apresentar\u00e1 parecer no plen\u00e1rio do Senado amanh\u00e3, 6.<\/p>\n<p>O texto do senador Paim \u00e9 contr\u00e1rio \u00e0 precariza\u00e7\u00e3o do trabalho e contempla as principais demandas do movimento sindical no assunto. Diferente das opini\u00f5es que desejam a terceiriza\u00e7\u00e3o geral, o relat\u00f3rio de Paim defende:<\/p>\n<p>&#8211; De forma clara, o que \u00e9 atividade-meio e o que \u00e9 atividade-fim: no relat\u00f3rio, regulamenta a terceiriza\u00e7\u00e3o na atividade-meio e a pro\u00edbe na atividade-fim;<\/p>\n<p>&#8211; Responsabilidade solid\u00e1ria da empresa contratante. Paim manteve o texto aprovado pela C\u00e2mara, que garante a rela\u00e7\u00e3o solid\u00e1ria. Isso significa que, se a empresa contratada n\u00e3o pagar os direitos trabalhistas do terceirizado ou falir, a empresa que contratou o servi\u00e7o \u00e9 obrigada a fazer este pagamento;<\/p>\n<p>&#8211; Representa\u00e7\u00e3o sindical: manteve o texto aprovado na C\u00e2mara. Isto \u00e9, garante igualdade de direitos entre o trabalhador contratado diretamente e o terceirizado;<\/p>\n<p>&#8211; Proibi\u00e7\u00e3o \u00e0 subcontrata\u00e7\u00e3o ou quarteiriza\u00e7\u00e3o, com ressalvas para o segmento da constru\u00e7\u00e3o civil ou setores que possuem legisla\u00e7\u00e3o espec\u00edfica sobre o assunto;<\/p>\n<p>&#8211; Proibi\u00e7\u00e3o \u00e0 contra\u00e7\u00e3o de pessoa f\u00edsica como se jur\u00eddica fosse. O texto aprovado pela C\u00e2mara permitiu isto, com quarentena. Isto \u00e9, o empregador poderia demitir o trabalhador e dois anos depois contrat\u00e1-lo como pessoa jur\u00eddica (pejotiza\u00e7\u00e3o).<\/p>\n<p>O PLC 30\/15 (antigo PL 4330- j\u00e1 foi aprovado na C\u00e2mara dos Deputados),\u00a0libera a terceiriza\u00e7\u00e3o ilimitadamente, at\u00e9 mesmo em atividades-fim de uma empresa, e precariza as rela\u00e7\u00f5es de trabalho, prejudica sal\u00e1rios, jornada, representa\u00e7\u00e3o e organiza\u00e7\u00e3o sindical.<\/p>\n<p>FONTE: www.fenattel.org.br<\/p>\n","protected":false},"excerpt":{"rendered":"<p>Ap\u00f3s ampla discuss\u00e3o do texto do PLC 30\/15 da terceiriza\u00e7\u00e3o, por meio de audi\u00eancias p\u00fablicas realizadas em diversas capitais do pa\u00eds, o senador Paulo Paim (PT-RS) trabalhou em um relat\u00f3rio e apresentar\u00e1 parecer no plen\u00e1rio do Senado amanh\u00e3, 6. O texto do senador Paim \u00e9 contr\u00e1rio \u00e0 precariza\u00e7\u00e3o do trabalho e contempla as principais demandas&#8230; <\/p>\n<div class=\"clear\"><\/div>\n<p><a href=\"https:\/\/contcop.org.br\/?p=295\" class=\"excerpt-read-more\">Read More<\/a><\/p>\n","protected":false},"author":1,"featured_media":296,"comment_status":"open","ping_status":"open","sticky":false,"template":"","format":"standard","meta":{"footnotes":""},"categories":[4],"tags":[],"class_list":["post-295","post","type-post","status-publish","format-standard","has-post-thumbnail","hentry","category-destaque"],"_links":{"self":[{"href":"https:\/\/contcop.org.br\/index.php?rest_route=\/wp\/v2\/posts\/295","targetHints":{"allow":["GET"]}}],"collection":[{"href":"https:\/\/contcop.org.br\/index.php?rest_route=\/wp\/v2\/posts"}],"about":[{"href":"https:\/\/contcop.org.br\/index.php?rest_route=\/wp\/v2\/types\/post"}],"author":[{"embeddable":true,"href":"https:\/\/contcop.org.br\/index.php?rest_route=\/wp\/v2\/users\/1"}],"replies":[{"embeddable":true,"href":"https:\/\/contcop.org.br\/index.php?rest_route=%2Fwp%2Fv2%2Fcomments&post=295"}],"version-history":[{"count":1,"href":"https:\/\/contcop.org.br\/index.php?rest_route=\/wp\/v2\/posts\/295\/revisions"}],"predecessor-version":[{"id":297,"href":"https:\/\/contcop.org.br\/index.php?rest_route=\/wp\/v2\/posts\/295\/revisions\/297"}],"wp:featuredmedia":[{"embeddable":true,"href":"https:\/\/contcop.org.br\/index.php?rest_route=\/wp\/v2\/media\/296"}],"wp:attachment":[{"href":"https:\/\/contcop.org.br\/index.php?rest_route=%2Fwp%2Fv2%2Fmedia&parent=295"}],"wp:term":[{"taxonomy":"category","embeddable":true,"href":"https:\/\/contcop.org.br\/index.php?rest_route=%2Fwp%2Fv2%2Fcategories&post=295"},{"taxonomy":"post_tag","embeddable":true,"href":"https:\/\/contcop.org.br\/index.php?rest_route=%2Fwp%2Fv2%2Ftags&post=295"}],"curies":[{"name":"wp","href":"https:\/\/api.w.org\/{rel}","templated":true}]}}